{"id":146,"date":"2021-12-27T14:40:40","date_gmt":"2021-12-27T13:40:40","guid":{"rendered":"https:\/\/jpehm.org\/?p=146"},"modified":"2022-01-18T14:42:30","modified_gmt":"2022-01-18T13:42:30","slug":"musculacion-y-los-nuevos-valores-esteticos-en-la-narrativa-social-hispana-contemporanea","status":"publish","type":"post","link":"https:\/\/jpehm.org\/index.php\/2021\/12\/27\/musculacion-y-los-nuevos-valores-esteticos-en-la-narrativa-social-hispana-contemporanea\/","title":{"rendered":"Musculaci\u00f3n y los nuevos valores est\u00e9ticos en la narrativa social hispana contempor\u00e1nea"},"content":{"rendered":"<section class=\"article-main\">\n<div class=\"date-details-appears\">Vol. 3 N\u00fam. 2 (2021): Journal of physical education and human movement, Art\u00edculos, P\u00e1ginas 25-52<\/div>\n<div class=\"article-doi\"><strong>DOI:<\/strong>\u00a0<a href=\"https:\/\/doi.org\/10.24310\/JPEHMjpehmjpehm.v3i213126\">https:\/\/doi.org\/10.24310\/JPEHMjpehmjpehm.v3i213126<\/a><\/div>\n<div class=\"article-controls\"><a data-toggle=\"modal\" data-target=\"#modal-copyright\">\u00a0Derechos de autor<\/a>\u00a0<a data-toggle=\"modal\" data-target=\"#modal-citation\">\u00a0C\u00f3mo citar<\/a><\/div>\n<div id=\"summary\" class=\"article-summary\">\n<h3>Resumen<\/h3>\n<div class=\"article-abstract\">\n<p>El presente estudio tuvo como prop\u00f3sito, comprender desde un enfoque socioantropol\u00f3gico, el trasfondo cultural que permea al ejercicio f\u00edsico, al interior de los centros de musculaci\u00f3n y entrenamiento con pesas, donde se deconstruyen los cuerpos masculinos, bajo la \u00e9gida de la fuerza, virilidad y est\u00e9tica. En este extenso se aprovech\u00f3 el dise\u00f1o documental y el m\u00e9todo hermen\u00e9utico-dial\u00e9ctico, donde la documentaci\u00f3n y la matriz bibliogr\u00e1fica fueron los instrumentos utilizados. Su elaboraci\u00f3n, estuvo apoyada en la bater\u00eda documental propuesta por autores como: Morales (2020), Mart\u00ednez (2020), Vilas (2019), y Ocampo (2019), entre otros. Completada la confrontaci\u00f3n de los contenidos seleccionados para tal fin, pudo a grandes rasgos contemplarse el comportamiento humano y social, manifestado por los hombres que se dedican a cultivar su f\u00edsico desde la otredad, al mismo tiempo, se reflexion\u00f3 sobre los intereses que les conduce en su alteridad a integrarse en la comunidad de pesistas. Pudo concluirse, que la sociedad hispana contempor\u00e1nea procura reconocer en el var\u00f3n, valores est\u00e9ticos recargados de tradici\u00f3n eurocentrista, pues en su personificaci\u00f3n y corporeidad el modelo masculino se adhiere a los esquemas cl\u00e1sicos de la belleza blanca.<\/p>\n<\/div>\n<\/div>\n<div id=\"keywords\" class=\"article-keywords\">\n<h3>Palabras clave:<\/h3>\n<div class=\"\"><span class=\"value\">Iconos Sociales, est\u00e9tica, belleza blanca, Hispanoam\u00e9rica, eurocentrismo<\/span><\/div>\n<\/div>\n<div id=\"citedby\" class=\"article-citedby\">\n<h3>Citado por<\/h3>\n<div class=\"item citations-container\" data-image-path=\"https:\/\/revistas.uma.es\/plugins\/generic\/citations\/images\/\" data-citations-url=\"https:\/\/revistas.uma.es\/index.php\/JPEHM\/citations\/get?citationsId=10.24310%2FJPEHMjpehmjpehm.v3i213126&amp;citationsShowList=1&amp;citationsProvider=all\" data-citations-provider=\"all\" data-citations-total=\"1\" data-citations-list=\"1\" data-show-google=\"1\" data-show-pmc=\"0\">\n<div class=\"citations-count\">\n<div class=\"citations-count-google\"><a href=\"https:\/\/scholar.google.com\/scholar?q=10.24310\/JPEHMjpehmjpehm.v3i213126\" target=\"_blank\" rel=\"noopener noreferrer\"><img decoding=\"async\" src=\"https:\/\/revistas.uma.es\/plugins\/generic\/citations\/images\/scholar.png\" alt=\"Google Scholar\" \/><\/a><\/div>\n<\/div>\n<div class=\"citations-list\"><\/div>\n<\/div>\n<\/div>\n<\/section>\n<section class=\"article-more-details\">\n<h3 class=\"sr-only\">Detalles del art\u00edculo<\/h3>\n<div class=\"article-references\">\n<h3>Referencias<\/h3>\n<div class=\"article-references-content\">\n<p>Andr\u00e9u, J. (2002). Las t\u00e9cnicas de An\u00e1lisis de Contenido: Una revisi\u00f3n actualizada. Andaluc\u00eda. Espa\u00f1a. Centro de Estudios Andaluces.<\/p>\n<p>Arenas, L. (2017). Cuerpo y Patrimonio. Propuesta de una identidad corporal como patrimonio intangible de una sociedad. Trabajo de grado. (Publicado). Universidad Alberto Hurtado. Santiago. Chile.<\/p>\n<p>Atencio, E. (2015). Gesti\u00f3n del conocimiento y medici\u00f3n del capital intelectual como recurso intangible en las organizaciones que aprenden. An\u00e1lisis comparativos desde sus modelos originarios. CICAG, 13(1), 223 \u2013 234. Recuperado en 18 de Junio de 2021 de\u00a0<a href=\"https:\/\/publishing.fgu-edu.com\/ojs\/index.php\/RSU\/article\/view\/165\/238\">https:\/\/publishing.fgu-edu.com\/ojs\/index.php\/RSU\/article\/view\/165\/238<\/a><\/p>\n<p>Balcazar, F., Berardi, L. y Taylor, T. (2011). El \u201cprivilegio de los blancos\u201d: otra fuerza de dominaci\u00f3n social de las clases privilegiadas. Espacios en Blanco. Revista de Educaci\u00f3n, (21),85-110. [fecha de Consulta 20 de Julio de 2021]. Disponible en:\u00a0<a href=\"https:\/\/www.redalyc.org\/articulo.oa?id=384539803004\">https:\/\/www.redalyc.org\/articulo.oa?id=384539803004<\/a><\/p>\n<p>Buitrago, R., Guti\u00e9rrez, A. y Romero, N. (2021). Inmigrantes digitales vs. nativos digitales en instituciones educativas p\u00fablicas Venezolanas: Aforismos sobre una realidad poli\u00e9drica controvertida. Revista Saperes Universitas, 4(1), 6 \u2013 38.<\/p>\n<p>Buitrago, R., Vera, J., Henr\u00edquez, C. y Guti\u00e9rrez, A. (2021). La barba como ep\u00edtome de la masculinidad contempor\u00e1nea ante la transgresi\u00f3n de los modelos sociales cl\u00e1sicos. IPSA Scientia, revista cient\u00edfica multidisciplinaria, 6(1), 36-63.\u00a0<a href=\"https:\/\/doi.org\/10.25214\/27114406.1072\">https:\/\/doi.org\/10.25214\/27114406.1072<\/a><\/p>\n<p>Castro, R., Molero, D., Cach\u00f3n, J. y Zagalaz, M. (2014). Factores de la personalidad y fisicoculturismo: Indicadores asociados a la vigorexia. Revista de Psicolog\u00eda del Deporte, 23(2), 295-300.<\/p>\n<p>Cortez, L., Escudero, C. y Cajas, M. (2017). \u201c\u2026 Introducci\u00f3n a la investigaci\u00f3n cient\u00edfica. C. Escudero y L. Cortez (Ed.), T\u00e9cnicas y m\u00e9todos cualitativos para la investigaci\u00f3n cient\u00edfica. (12-25). Machala. Ecuador: Editorial UTMACH.<\/p>\n<p>Cortazar, J. (2009). Reinas de belleza y Mr. M\u00fasculos. Sociolog\u00eda de la exhibici\u00f3n corporal en concursos de pasarela. XXVII Congreso de la Asociaci\u00f3n Latinoamericana de Sociolog\u00eda. VIII Jornadas de Sociolog\u00eda de la Universidad de Buenos Aires. Asociaci\u00f3n Latinoamericana de Sociolog\u00eda, Buenos Aires. Argentina.<\/p>\n<p>D\u00edaz, C. (2018). Investigaci\u00f3n cualitativa y an\u00e1lisis de contenido tem\u00e1tico. Orientaci\u00f3n intelectual de revista Universum. Revista General de Informaci\u00f3n y Documentaci\u00f3n, 28(1), 119-142, DOI.:\u00a0<a href=\"http:\/\/dx.doi.org\/10.5209\/RGID.60813\">http:\/\/dx.doi.org\/10.5209\/RGID.60813<\/a><\/p>\n<p>Dur\u00e1n, J. y Torres, Z. (2021). Pr\u00e1ctica de la halterofilia a edades tempranas. Consecuencias en el Crecimiento. Revista Arbitrada Interdisciplinaria KOINONIA, 6(2), 187 \u2013 205,\u00a0<a href=\"http:\/\/dx.doi.org\/10.35381\/r.k.v6i2.1235\">http:\/\/dx.doi.org\/10.35381\/r.k.v6i2.1235<\/a><\/p>\n<p>Feige, K. (Productor) &amp; Coogler, R. (Director). (2018). Black Panther [cinta cinematogr\u00e1fica]. Estados Unidos: Fox Searchlight Pictures &amp; Marvel Studios.<\/p>\n<p>Fl\u00f3rez, V. y Giraldo, J. (2013). Representaciones sociales de cuerpo en cuatro hombres fisicoculturista de la ciudad de Cali. Trabajo de grado (Publicado), Universidad de Buenaventura. Cali. Colombia.<\/p>\n<p>G\u00f3mez, M., Galeano, C. y Jaramillo, D. (2015). El estado del arte: una metodolog\u00eda de investigaci\u00f3n. Revista Colombiana de Ciencias Sociales, 6(2), 423-442.<\/p>\n<p>G\u00f3mez, E., Navas, D., Aponte, G. y Betancourt, L. (2014). Metodolog\u00eda para la revisi\u00f3n bibliogr\u00e1fica y la gesti\u00f3n de informaci\u00f3n de temas cient\u00edficos, a trav\u00e9s de su estructuraci\u00f3n y sistematizaci\u00f3n. DYNA, 81(184),158-163.<\/p>\n<p>Guevara, R. (2016). El estado del arte en la investigaci\u00f3n: \u00bfan\u00e1lisis de los conocimientos acumulados o indagaci\u00f3n por nuevos sentidos?. Revista FOLIOS, (44),165-179.<\/p>\n<p>Guevara, E. (2008). La masculinidad desde una perspectiva sociol\u00f3gica. Una dimensi\u00f3n del orden de g\u00e9nero. Sociol\u00f3gica, 23(66), 71-92<\/p>\n<p>Mart\u00edn, S., y Lafuente, V. (2017). Referencias bibliogr\u00e1ficas: indicadores para su evaluaci\u00f3n en trabajos cient\u00edficos. Investigaci\u00f3n Bibliotecol\u00f3gica, 31(71), 151-180.<\/p>\n<p>Mart\u00ednez, O. (2020). Semiosis del \u201cMacho\u201d en la Cultura del Carnaval. Revista Cedotic, 5(2), 274-286.<\/p>\n<p>Mej\u00eda, D. (2021). El culto al cuerpo y la opini\u00f3n p\u00fablica: Caso del influencer The Titan. Trabajo de grado. (Publicado). Universidad t\u00e9cnica de Ambato. Ambato. Ecuador.<\/p>\n<p>M\u00e9ndez, J. y Rico, A. (2019). Educaci\u00f3n, cultura, estereotipos, cuerpo, g\u00e9nero y diferencias sociales en la fotograf\u00eda de moda. IE Revista de investigaci\u00f3n educativa de la REDIECH, 9(17), 175 \u2013 178.<\/p>\n<p>Minello, N. (2002). Los estudios de masculinidad. Estudios Sociol\u00f3gicos, 20(3), 715-732. [fecha de Consulta 20 de Julio de 2021]. Disponible en:\u00a0<a href=\"http:\/\/www.redalyc.org\/articulo.oa?id=59806009\">http:\/\/www.redalyc.org\/articulo.oa?id=59806009<\/a><\/p>\n<p>Morales, K. (2020). An\u00e1lisis narrativo del cuerpo heterosexual en la industria cultural de la pornograf\u00eda virtual (XVIDEOS.COM). Trabajo de grado (Publicado). Universidad Polit\u00e9cnica Salesiana. Quito. Ecuador.<\/p>\n<p>L\u00f3pez, F. (2002). El an\u00e1lisis de contenido como m\u00e9todo de investigaci\u00f3n. XXI, Revista de Educaci\u00f3n, 4, 167-179.<\/p>\n<p>Ocampo, I. (2019a). Los nuevos cuerpos masculinos: reflexi\u00f3n te\u00f3rica sobre los cambios identitarios en los hombres en el marco del culto al cuerpo posmoderno. EPISTEME, 11(2), 65-78.<\/p>\n<p>Ocampo, I. (2019b). Itinerarios corporales masculinos en Instagram: An\u00e1lisis de nuevas formas identitarias masculinas en la sociedad de consumo. Revista Punto G\u00e9nero, (12), 126 \u2013 147<\/p>\n<p>Ortiz, V. (2013). Modelos est\u00e9ticos hegem\u00f3nicos, subalternos o alternativos: una perspectiva \u00e9tnico-racial de clase y g\u00e9nero. Tabula Rasa, (18), 175-197.<\/p>\n<p>Peralta, R. y Hern\u00e1ndez, H. (2021). La neuro\u00e9tica como eje cardinal en la actitud gerencial del profesor universitario. SUMMA. Revista disciplinaria en ciencias econ\u00f3micas y sociales, 3(1), 1-34, www.doi.org\/10.47666\/summa.3.1.12<\/p>\n<p>Prada, P. (2018). Una aproximaci\u00f3n de un estado del arte sobre la ense\u00f1anza de la oralidad inicial. [Trabajo especial de grado publicado]. Pontificia Universidad Javeriana. Bogot\u00e1. Colombia.<\/p>\n<p>Rojas, I. (2011). Elementos para el dise\u00f1o de t\u00e9cnicas de investigaci\u00f3n: una propuesta de definiciones y procedimientos en la investigaci\u00f3n cient\u00edfica. Tiempo de Educar, 12(24), 277-297. Recuperado en 08 de Julio de 2021 de\u00a0<a href=\"http:\/\/www.redalyc.org\/articulo.oa?id=31121089006\">http:\/\/www.redalyc.org\/articulo.oa?id=31121089006<\/a><\/p>\n<p>Schongut, N. (2002). La construcci\u00f3n social de la masculinidad: poder, hegemon\u00eda y violencia. Psicolog\u00eda, Conocimiento y Sociedad, 2(2), 27-65. Recuperado en 08 de Julio de 2021 de\u00a0<a href=\"http:\/\/www.redalyc.org\/articulo.oa?id=475847408003\">http:\/\/www.redalyc.org\/articulo.oa?id=475847408003<\/a><\/p>\n<p>Sossa, A. (2015). Entrenar hasta que duela. Significaciones culturales asociadas al dolor y el cansancio en la ejercitaci\u00f3n en gimnasios. Desacatos (48), 140-155<\/p>\n<p>Vilas, L. (2019). Construcci\u00f3n y deconstrucci\u00f3n del cuerpo. An\u00e1lisis de figurinas cer\u00e1micas. Una aproximaci\u00f3n metodol\u00f3gica. Bolet\u00edn del Museo Chileno de Arte Precolombino, 24(2), 69-87.<\/p>\n<\/div>\n<\/div>\n<\/section>\n","protected":false},"excerpt":{"rendered":"<p>Vol. 3 N\u00fam. 2 (2021): Journal of physical education and human movement, Art\u00edculos, P\u00e1ginas 25-52 DOI:\u00a0https:\/\/doi.org\/10.24310\/JPEHMjpehmjpehm.v3i213126 \u00a0Derechos de autor\u00a0\u00a0C\u00f3mo citar Resumen El presente estudio tuvo como prop\u00f3sito, comprender desde un enfoque socioantropol\u00f3gico, el trasfondo cultural que permea al ejercicio f\u00edsico, al interior de los centros de musculaci\u00f3n y entrenamiento con pesas, donde se deconstruyen los [&hellip;]<\/p>\n","protected":false},"author":1,"featured_media":147,"comment_status":"open","ping_status":"open","sticky":false,"template":"","format":"standard","meta":{"footnotes":""},"categories":[1],"tags":[],"_links":{"self":[{"href":"https:\/\/jpehm.org\/index.php\/wp-json\/wp\/v2\/posts\/146"}],"collection":[{"href":"https:\/\/jpehm.org\/index.php\/wp-json\/wp\/v2\/posts"}],"about":[{"href":"https:\/\/jpehm.org\/index.php\/wp-json\/wp\/v2\/types\/post"}],"author":[{"embeddable":true,"href":"https:\/\/jpehm.org\/index.php\/wp-json\/wp\/v2\/users\/1"}],"replies":[{"embeddable":true,"href":"https:\/\/jpehm.org\/index.php\/wp-json\/wp\/v2\/comments?post=146"}],"version-history":[{"count":1,"href":"https:\/\/jpehm.org\/index.php\/wp-json\/wp\/v2\/posts\/146\/revisions"}],"predecessor-version":[{"id":148,"href":"https:\/\/jpehm.org\/index.php\/wp-json\/wp\/v2\/posts\/146\/revisions\/148"}],"wp:featuredmedia":[{"embeddable":true,"href":"https:\/\/jpehm.org\/index.php\/wp-json\/wp\/v2\/media\/147"}],"wp:attachment":[{"href":"https:\/\/jpehm.org\/index.php\/wp-json\/wp\/v2\/media?parent=146"}],"wp:term":[{"taxonomy":"category","embeddable":true,"href":"https:\/\/jpehm.org\/index.php\/wp-json\/wp\/v2\/categories?post=146"},{"taxonomy":"post_tag","embeddable":true,"href":"https:\/\/jpehm.org\/index.php\/wp-json\/wp\/v2\/tags?post=146"}],"curies":[{"name":"wp","href":"https:\/\/api.w.org\/{rel}","templated":true}]}}